{"id":343,"date":"2023-04-27T12:45:53","date_gmt":"2023-04-27T12:45:53","guid":{"rendered":"https:\/\/abaquarcult.com.br\/?p=343"},"modified":"2023-04-27T12:45:53","modified_gmt":"2023-04-27T12:45:53","slug":"sandumonense-faz-direcao-de-curta-na-suica","status":"publish","type":"post","link":"https:\/\/abaquarcult.com.br\/?p=343","title":{"rendered":"Sandumonense faz dire\u00e7\u00e3o de Curta na Su\u00ed\u00e7a"},"content":{"rendered":"<p id=\"viewer-wzym8\" class=\"mm8Nw _1j-51 WkT0MK _1FoOD _3M0Fe T3Ond1 WkT0MK public-DraftStyleDefault-block-depth0 fixed-tab-size public-DraftStyleDefault-text-ltr\">\n<div data-hook=\"rcv-block1\"><\/div>\n<div id=\"viewer-g8bqx\" class=\"_2vd5k iG0hRj\">\n<div class=\"_3CWa- N9BmOG N9BmOG _3mymk\">\n<div class=\"_2kEVY\" tabindex=\"0\" role=\"button\" data-hook=\"imageViewer\">\n<div id=\"new-image13831\" class=\"_3WJnn _2i-Gt _2Ybje\" aria-label=\"\"><img decoding=\"async\" src=\"https:\/\/static.wixstatic.com\/media\/07db97_32c02047195d4927a5ba2b3bae75c5f6~mv2.png\/v1\/fill\/w_576,h_309,al_c,q_85,usm_0.66_1.00_0.01,enc_auto\/07db97_32c02047195d4927a5ba2b3bae75c5f6~mv2.png\" alt=\"\" data-pin-url=\"https:\/\/www.abaquarcult.com\/single-post\/2018\/03\/28\/sandumonense-faz-dire\u00e7\u00e3o-de-curta-na-su\u00ed\u00e7a\" data-pin-media=\"https:\/\/static.wixstatic.com\/media\/07db97_32c02047195d4927a5ba2b3bae75c5f6~mv2.png\/v1\/fill\/w_1242,h_667,al_c,q_90\/07db97_32c02047195d4927a5ba2b3bae75c5f6~mv2.png\" data-load-done=\"\" \/><\/div>\n<div class=\"\"><\/div>\n<div class=\"\"><\/div>\n<\/div>\n<\/div>\n<\/div>\n<div data-hook=\"rcv-block2\"><\/div>\n<div id=\"viewer-zjfgr\" class=\"mm8Nw _1j-51 WkT0MK _1FoOD _78FBa qEvi6J WkT0MK public-DraftStyleDefault-block-depth0 fixed-tab-size public-DraftStyleDefault-text-ltr\"><span class=\"_2PHJq public-DraftStyleDefault-ltr\">\u00a0<\/span><\/div>\n<div data-hook=\"rcv-block3\"><\/div>\n<p id=\"viewer-czmak\" class=\"mm8Nw _1j-51 WkT0MK _1FoOD _78FBa qEvi6J WkT0MK public-DraftStyleDefault-block-depth0 fixed-tab-size public-DraftStyleDefault-text-ltr\"><span class=\"_2PHJq public-DraftStyleDefault-ltr\">Gabriel de Almeida, sandumeonense, est\u00e1 no FIFF. Festival Internacional de Cinema de Fribourg (Su\u00ed\u00e7a). Contemplado num edital de Cinema da cidade de Nova Friburgo &#8211; RJ, Gabriel ficou vinte dias participando do festival, realizou um curta-metragem exibido no \u00faltimo dia 22 de mar\u00e7o (com mais outros 3 realizadores tamb\u00e9m comtemplados), seguido de uma mesa redonda de debate sobre o processo de realiza\u00e7\u00e3o do filme e sobre sua experi\u00eancia na Su\u00ed\u00e7a.<\/span><\/p>\n<div data-hook=\"rcv-block4\"><\/div>\n<div id=\"viewer-heei4\" class=\"mm8Nw _1j-51 WkT0MK _1FoOD _78FBa qEvi6J WkT0MK public-DraftStyleDefault-block-depth0 fixed-tab-size public-DraftStyleDefault-text-ltr\"><span class=\"_2PHJq public-DraftStyleDefault-ltr\">\u00a0<\/span><\/div>\n<div data-hook=\"rcv-block5\"><\/div>\n<p id=\"viewer-h37gq\" class=\"mm8Nw _1j-51 WkT0MK _1FoOD _78FBa qEvi6J WkT0MK public-DraftStyleDefault-block-depth0 fixed-tab-size public-DraftStyleDefault-text-ltr\"><span class=\"_2PHJq public-DraftStyleDefault-ltr\">ENTRE PONTES \u00e9 um romance po\u00e9tico sobre duas pessoas que se conhecem casualmente na cidade de Fribourg e passam um dia juntos, refletindo sobre a vida e sobre o amor. O filme \u00e9 todo falado em franc\u00eas (um dos idiomas locais). Conta com a participa\u00e7\u00e3o de atores locais: <\/span><\/p>\n<div data-hook=\"rcv-block6\"><\/div>\n<div id=\"viewer-dtzq9\" class=\"mm8Nw _1j-51 WkT0MK _1FoOD _78FBa qEvi6J WkT0MK public-DraftStyleDefault-block-depth0 fixed-tab-size public-DraftStyleDefault-text-ltr\"><span class=\"_2PHJq public-DraftStyleDefault-ltr\">\u00a0<\/span><\/div>\n<div data-hook=\"rcv-block7\"><\/div>\n<p id=\"viewer-q11q3\" class=\"mm8Nw _1j-51 WkT0MK _1FoOD _78FBa qEvi6J WkT0MK public-DraftStyleDefault-block-depth0 fixed-tab-size public-DraftStyleDefault-text-ltr\"><span class=\"_2PHJq public-DraftStyleDefault-ltr\">Delphine Buresi &amp; Jean-Fran\u00e7ois Broggio. Dire\u00e7\u00e3o: Gabriel de Almeida Roteiro: Gabriel de Almeida\/Filipe Vidal\/Fabio Robles e Maria Luiza Costa Produ\u00e7\u00e3o: Maria Luiza Costa e Ana Maria Bonjour.<\/span><\/p>\n<div data-hook=\"rcv-block8\"><\/div>\n<div id=\"viewer-0sgxn\" class=\"mm8Nw _1j-51 WkT0MK _1FoOD _78FBa qEvi6J WkT0MK public-DraftStyleDefault-block-depth0 fixed-tab-size public-DraftStyleDefault-text-ltr\"><span class=\"_2PHJq public-DraftStyleDefault-ltr\">\u00a0<\/span><\/div>\n<div data-hook=\"rcv-block9\"><\/div>\n<div id=\"viewer-u0cxd\" class=\"_2vd5k iG0hRj\">\n<div class=\"_17-_F MecilX MecilX _3vo3y b0eH1G b0eH1G\">\n<div class=\"_2kEVY\" tabindex=\"0\" role=\"button\" data-hook=\"imageViewer\">\n<div id=\"new-image13832\" class=\"_3WJnn _2i-Gt _2Ybje\" aria-label=\"\"><img decoding=\"async\" src=\"https:\/\/static.wixstatic.com\/media\/07db97_edb9d15e3baa443e95adee308c87977e~mv2.jpg\/v1\/fill\/w_350,h_350,al_c,q_80,usm_0.66_1.00_0.01,enc_auto\/07db97_edb9d15e3baa443e95adee308c87977e~mv2.jpg\" alt=\"\" data-pin-url=\"https:\/\/www.abaquarcult.com\/single-post\/2018\/03\/28\/sandumonense-faz-dire\u00e7\u00e3o-de-curta-na-su\u00ed\u00e7a\" data-pin-media=\"https:\/\/static.wixstatic.com\/media\/07db97_edb9d15e3baa443e95adee308c87977e~mv2.jpg\/v1\/fill\/w_640,h_640,al_c,q_85\/07db97_edb9d15e3baa443e95adee308c87977e~mv2.jpg\" data-load-done=\"\" \/><\/div>\n<div class=\"\"><\/div>\n<div class=\"\"><\/div>\n<\/div>\n<\/div>\n<\/div>\n<div data-hook=\"rcv-block10\"><\/div>\n<p id=\"viewer-ai71z\" class=\"mm8Nw _1j-51 WkT0MK _1FoOD _78FBa qEvi6J WkT0MK public-DraftStyleDefault-block-depth0 fixed-tab-size public-DraftStyleDefault-text-ltr\"><span class=\"_2PHJq public-DraftStyleDefault-ltr\">Gabriel conta um pouco para Abaquar Cult como foi sua experi\u00eancia de produzir um filme no exterior: <em>&#8220;Muita coisa mudou no processo de produ\u00e7\u00e3o e filmagem, como \u00e9 natural de acontecer quando estamos fazendo um filme. N\u00e3o conseguimos achar um ator brasileiro e tivemos de mudar para um ator local. Isso acabou sendo \u00f3timo pois eles s\u00e3o casados na vida real e j\u00e1 tinham uma intimidade que era importante para o filme. Tivemos 1 dia de busca de loca\u00e7\u00f5es e casting, 2 dias de filmagens e 3 dias de montagem. Trabalhamos com atores franceses residentes na Su\u00ed\u00e7a e tivemos de dirigir em ingl\u00eas. Passamos toda a concep\u00e7\u00e3o do filme e das narra\u00e7\u00f5es em off para a personagem da mulher. A ideia era fazer um romance cl\u00e1ssico, reflexivo. Um filme sobre a beleza e a poesia dos encontros da vida.&#8221;<\/em><\/span><\/p>\n<div data-hook=\"rcv-block11\"><\/div>\n<div id=\"viewer-1noy7\" class=\"mm8Nw _1j-51 WkT0MK _1FoOD _78FBa qEvi6J WkT0MK public-DraftStyleDefault-block-depth0 fixed-tab-size public-DraftStyleDefault-text-ltr\"><span class=\"_2PHJq public-DraftStyleDefault-ltr\">\u00a0<\/span><\/div>\n<div data-hook=\"rcv-block12\"><\/div>\n<p id=\"viewer-tmfu8\" class=\"mm8Nw _1j-51 WkT0MK _1FoOD _78FBa qEvi6J WkT0MK public-DraftStyleDefault-block-depth0 fixed-tab-size public-DraftStyleDefault-text-ltr\"><span class=\"_2PHJq public-DraftStyleDefault-ltr\">O diretor volta para o Brasil e j\u00e1 expressa desejo de exibir o curta na V Mostra de Cinema de Santos Dumont que ocorrer\u00e1 em Julho.<\/span><\/p>\n<div data-hook=\"rcv-block13\"><\/div>\n<div id=\"viewer-q5krh\" class=\"_2vd5k iG0hRj\">\n<div class=\"_3CWa- N9BmOG N9BmOG _3mymk\">\n<div class=\"_2kEVY\" tabindex=\"0\" role=\"button\" data-hook=\"imageViewer\">\n<div id=\"new-image13833\" class=\"_3WJnn _2i-Gt _2Ybje\" aria-label=\"\"><img decoding=\"async\" src=\"https:\/\/static.wixstatic.com\/media\/07db97_41190ff210af4138b50c497be82f3e50~mv2.jpg\/v1\/fill\/w_576,h_768,al_c,q_85,usm_0.66_1.00_0.01,enc_auto\/07db97_41190ff210af4138b50c497be82f3e50~mv2.jpg\" alt=\"\" data-pin-url=\"https:\/\/www.abaquarcult.com\/single-post\/2018\/03\/28\/sandumonense-faz-dire\u00e7\u00e3o-de-curta-na-su\u00ed\u00e7a\" data-pin-media=\"https:\/\/static.wixstatic.com\/media\/07db97_41190ff210af4138b50c497be82f3e50~mv2.jpg\/v1\/fill\/w_960,h_1280,al_c,q_85\/07db97_41190ff210af4138b50c497be82f3e50~mv2.jpg\" data-load-done=\"\" \/><\/div>\n<div class=\"\"><\/div>\n<div class=\"\"><\/div>\n<\/div>\n<\/div>\n<\/div>\n<div data-hook=\"rcv-block14\"><\/div>\n<p id=\"viewer-vcj8h\" class=\"mm8Nw _1j-51 WkT0MK _1FoOD _3M0Fe T3Ond1 WkT0MK public-DraftStyleDefault-block-depth0 fixed-tab-size public-DraftStyleDefault-text-ltr\">\n<div data-hook=\"rcv-block15\"><\/div>\n<div id=\"viewer-btpmb\" class=\"mm8Nw _1j-51 WkT0MK _1FoOD _78FBa qEvi6J WkT0MK public-DraftStyleDefault-block-depth0 fixed-tab-size public-DraftStyleDefault-text-ltr\"><span class=\"_2PHJq public-DraftStyleDefault-ltr\">\u00a0<\/span><\/div>\n<div data-hook=\"rcv-block16\"><\/div>\n<div id=\"viewer-w5aa3\" class=\"mm8Nw _1j-51 WkT0MK _1FoOD _78FBa qEvi6J WkT0MK public-DraftStyleDefault-block-depth0 fixed-tab-size public-DraftStyleDefault-text-ltr\"><span class=\"_2PHJq public-DraftStyleDefault-ltr\">\u00a0<\/span><\/div>\n<div data-hook=\"rcv-block17\"><\/div>\n<div id=\"viewer-v0ssq\" class=\"mm8Nw _1j-51 WkT0MK _1FoOD _78FBa qEvi6J WkT0MK public-DraftStyleDefault-block-depth0 fixed-tab-size public-DraftStyleDefault-text-ltr\"><span class=\"_2PHJq public-DraftStyleDefault-ltr\">\u00a0<\/span><\/div>\n<div data-hook=\"rcv-block18\"><\/div>\n<p id=\"viewer-q0zwh\" class=\"mm8Nw _1j-51 WkT0MK _1FoOD _3M0Fe T3Ond1 WkT0MK public-DraftStyleDefault-block-depth0 fixed-tab-size public-DraftStyleDefault-text-ltr\"><span class=\"_2PHJq public-DraftStyleDefault-ltr\"><a class=\"_1SmKK\" href=\"https:\/\/www.abaquarcult.com\/inicio\/hashtags\/dire%C3%A7%C3%A3o\" target=\"_self\" rel=\"noopener\">#dire\u00e7\u00e3o<\/a> <a class=\"_1SmKK\" href=\"https:\/\/www.abaquarcult.com\/inicio\/hashtags\/Curta\" target=\"_self\" rel=\"noopener\">#Curta<\/a> <a class=\"_1SmKK\" href=\"https:\/\/www.abaquarcult.com\/inicio\/hashtags\/Su%C3%AD%C3%A7a\" target=\"_self\" rel=\"noopener\">#Su\u00ed\u00e7a<\/a> <a class=\"_1SmKK\" href=\"https:\/\/www.abaquarcult.com\/inicio\/hashtags\/Cinema\" target=\"_self\" rel=\"noopener\">#Cinema<\/a> <a class=\"_1SmKK\" href=\"https:\/\/www.abaquarcult.com\/inicio\/hashtags\/sandumeonense\" target=\"_self\" rel=\"noopener\">#sandumeonense<\/a><\/span><\/p>\n","protected":false},"excerpt":{"rendered":"<p>\u00a0 Gabriel de Almeida, sandumeonense, est\u00e1 no FIFF. Festival Internacional de Cinema de Fribourg (Su\u00ed\u00e7a). Contemplado num edital de Cinema da cidade de Nova Friburgo &#8211; RJ, Gabriel ficou vinte dias participando do festival, realizou um curta-metragem exibido no \u00faltimo dia 22 de mar\u00e7o (com mais outros 3 realizadores tamb\u00e9m comtemplados), seguido de uma mesa [&hellip;]<\/p>\n","protected":false},"author":1,"featured_media":344,"comment_status":"open","ping_status":"open","sticky":false,"template":"","format":"standard","meta":{"site-sidebar-layout":"default","site-content-layout":"default","ast-site-content-layout":"default","site-content-style":"default","site-sidebar-style":"default","ast-global-header-display":"","ast-banner-title-visibility":"","ast-main-header-display":"","ast-hfb-above-header-display":"","ast-hfb-below-header-display":"","ast-hfb-mobile-header-display":"","site-post-title":"","ast-breadcrumbs-content":"","ast-featured-img":"","footer-sml-layout":"","ast-disable-related-posts":"","theme-transparent-header-meta":"default","adv-header-id-meta":"","stick-header-meta":"","header-above-stick-meta":"","header-main-stick-meta":"","header-below-stick-meta":"","astra-migrate-meta-layouts":"default","ast-page-background-enabled":"default","ast-page-background-meta":{"desktop":{"background-color":"var(--ast-global-color-4)","background-image":"","background-repeat":"repeat","background-position":"center center","background-size":"auto","background-attachment":"scroll","background-type":"","background-media":"","overlay-type":"","overlay-color":"","overlay-opacity":"","overlay-gradient":""},"tablet":{"background-color":"","background-image":"","background-repeat":"repeat","background-position":"center center","background-size":"auto","background-attachment":"scroll","background-type":"","background-media":"","overlay-type":"","overlay-color":"","overlay-opacity":"","overlay-gradient":""},"mobile":{"background-color":"","background-image":"","background-repeat":"repeat","background-position":"center center","background-size":"auto","background-attachment":"scroll","background-type":"","background-media":"","overlay-type":"","overlay-color":"","overlay-opacity":"","overlay-gradient":""}},"ast-content-background-meta":{"desktop":{"background-color":"var(--ast-global-color-5)","background-image":"","background-repeat":"repeat","background-position":"center center","background-size":"auto","background-attachment":"scroll","background-type":"","background-media":"","overlay-type":"","overlay-color":"","overlay-opacity":"","overlay-gradient":""},"tablet":{"background-color":"var(--ast-global-color-5)","background-image":"","background-repeat":"repeat","background-position":"center center","background-size":"auto","background-attachment":"scroll","background-type":"","background-media":"","overlay-type":"","overlay-color":"","overlay-opacity":"","overlay-gradient":""},"mobile":{"background-color":"var(--ast-global-color-5)","background-image":"","background-repeat":"repeat","background-position":"center center","background-size":"auto","background-attachment":"scroll","background-type":"","background-media":"","overlay-type":"","overlay-color":"","overlay-opacity":"","overlay-gradient":""}},"footnotes":""},"categories":[1],"tags":[],"class_list":["post-343","post","type-post","status-publish","format-standard","has-post-thumbnail","hentry","category-uncategorized"],"_links":{"self":[{"href":"https:\/\/abaquarcult.com.br\/index.php?rest_route=\/wp\/v2\/posts\/343","targetHints":{"allow":["GET"]}}],"collection":[{"href":"https:\/\/abaquarcult.com.br\/index.php?rest_route=\/wp\/v2\/posts"}],"about":[{"href":"https:\/\/abaquarcult.com.br\/index.php?rest_route=\/wp\/v2\/types\/post"}],"author":[{"embeddable":true,"href":"https:\/\/abaquarcult.com.br\/index.php?rest_route=\/wp\/v2\/users\/1"}],"replies":[{"embeddable":true,"href":"https:\/\/abaquarcult.com.br\/index.php?rest_route=%2Fwp%2Fv2%2Fcomments&post=343"}],"version-history":[{"count":1,"href":"https:\/\/abaquarcult.com.br\/index.php?rest_route=\/wp\/v2\/posts\/343\/revisions"}],"predecessor-version":[{"id":345,"href":"https:\/\/abaquarcult.com.br\/index.php?rest_route=\/wp\/v2\/posts\/343\/revisions\/345"}],"wp:featuredmedia":[{"embeddable":true,"href":"https:\/\/abaquarcult.com.br\/index.php?rest_route=\/wp\/v2\/media\/344"}],"wp:attachment":[{"href":"https:\/\/abaquarcult.com.br\/index.php?rest_route=%2Fwp%2Fv2%2Fmedia&parent=343"}],"wp:term":[{"taxonomy":"category","embeddable":true,"href":"https:\/\/abaquarcult.com.br\/index.php?rest_route=%2Fwp%2Fv2%2Fcategories&post=343"},{"taxonomy":"post_tag","embeddable":true,"href":"https:\/\/abaquarcult.com.br\/index.php?rest_route=%2Fwp%2Fv2%2Ftags&post=343"}],"curies":[{"name":"wp","href":"https:\/\/api.w.org\/{rel}","templated":true}]}}